{"id":3142,"date":"2026-04-20T17:19:47","date_gmt":"2026-04-20T15:19:47","guid":{"rendered":"https:\/\/nyt.hu\/?p=3142"},"modified":"2026-04-20T17:21:55","modified_gmt":"2026-04-20T15:21:55","slug":"karbantartas-mint-strategiai-fontossagu-uzleti-reszfolyamat-platformalapu-megoldasok-a-nyomdaiparban","status":"publish","type":"post","link":"https:\/\/nyt.hu\/en\/karbantartas-mint-strategiai-fontossagu-uzleti-reszfolyamat-platformalapu-megoldasok-a-nyomdaiparban\/","title":{"rendered":"Karbantart\u00e1s, mint strat\u00e9giai fontoss\u00e1g\u00fa \u00fczleti r\u00e9szfolyamat \u2013 platformalap\u00fa megold\u00e1sok a nyomdaiparban"},"content":{"rendered":"<div data-elementor-type=\"wp-post\" data-elementor-id=\"3142\" class=\"elementor elementor-3142\" data-elementor-post-type=\"post\">\n\t\t\t\t<div class=\"elementor-element elementor-element-b1f13dc e-con-full e-flex e-con e-parent\" data-id=\"b1f13dc\" data-element_type=\"container\" data-settings=\"{&quot;jet_parallax_layout_list&quot;:[]}\">\n\t\t\t\t<div class=\"elementor-element elementor-element-278801b elementor-widget elementor-widget-heading\" data-id=\"278801b\" data-element_type=\"widget\" data-widget_type=\"heading.default\">\n\t\t\t\t\t<h2 class=\"elementor-heading-title elementor-size-default\">A platformgazdas\u00e1g egyre meghat\u00e1roz\u00f3bb szerepet t\u00f6lt be a modern ipar\u00e1gakban \u2013 k\u00fcl\u00f6n\u00f6sen a digitaliz\u00e1ci\u00f3, a munkaer\u0151piaci rugalmass\u00e1g \u00e9s a gazdas\u00e1gi hat\u00e9konys\u00e1g szempontj\u00e1b\u00f3l. A nyomda- \u00e9s csomagol\u00f3ipari v\u00e1llalkoz\u00e1sok sz\u00e1m\u00e1ra is el\u00e9rkezett az id\u0151, hogy megismerkedjenek ezzel az \u00faj szeml\u00e9lettel, k\u00fcl\u00f6n\u00f6sen a karbantart\u00e1si tev\u00e9kenys\u00e9gek ter\u00fclet\u00e9n.<\/h2>\t\t\t\t<\/div>\n\t\t\t\t<div class=\"elementor-element elementor-element-de98cd8 elementor-widget elementor-widget-text-editor\" data-id=\"de98cd8\" data-element_type=\"widget\" data-widget_type=\"text-editor.default\">\n\t\t\t\t\t\t\t\t\t<p><strong>Kiszervezett karbantart\u00e1s \u2013 digit\u00e1lis platformokon kereszt\u00fcl<\/strong><\/p><p>A karbantart\u00e1si feladatok kiszervez\u00e9se (outsourcing) szorosan kapcsol\u00f3dik a platformalap\u00fa m\u0171k\u00f6d\u00e9shez. Ezek a rendszerek digit\u00e1lis fel\u00fcleten kereszt\u00fcl k\u00f6tik \u00f6ssze a karbantart\u00e1si ig\u00e9nyeket a szolg\u00e1ltat\u00f3kkal, mik\u00f6zben val\u00f3s idej\u0171 adatokat, automatiz\u00e1lt folyamatokat \u00e9s \u00e1tl\u00e1that\u00f3 m\u0171k\u00f6d\u00e9st biztos\u00edtanak. A nyomdaipari g\u00e9pek eset\u00e9ben ez k\u00fcl\u00f6n\u00f6sen fontos, hiszen a termel\u00e9s folyamatoss\u00e1ga \u00e9s a g\u00e9pek megb\u00edzhat\u00f3s\u00e1ga kulcsfontoss\u00e1g\u00fa t\u00e9nyez\u0151.<\/p><p>A platformalap\u00fa karbantart\u00e1s nemcsak a hib\u00e1k gyorsabb elh\u00e1r\u00edt\u00e1s\u00e1t teszi lehet\u0151v\u00e9, hanem a megel\u0151z\u0151 karbantart\u00e1s tervez\u00e9s\u00e9t is t\u00e1mogatja \u2013 ez\u00e1ltal cs\u00f6kkentve a v\u00e1ratlan le\u00e1ll\u00e1sok sz\u00e1m\u00e1t \u00e9s a hossz\u00fa t\u00e1v\u00fa jav\u00edt\u00e1si k\u00f6lts\u00e9geket.<\/p><p><strong>A hazai KKV-k helyzete: kih\u00edv\u00e1sok \u00e9s lehet\u0151s\u00e9gek<\/strong><\/p><p>A 10\u2013100 f\u0151 k\u00f6z\u00f6tti nyomdaipari v\u00e1llalkoz\u00e1sokn\u00e1l gyakori, hogy nincs dedik\u00e1lt karbantart\u00f3 csapat, vagy legfeljebb 1\u20132 f\u0151 l\u00e1tja el ezt a feladatot. Ezek az er\u0151forr\u00e1sok jellemz\u0151en reakt\u00edv m\u00f3don m\u0171k\u00f6dnek: a v\u00e1ratlan meghib\u00e1sod\u00e1sokra reag\u00e1lnak, mik\u00f6zben a megel\u0151z\u0151 karbantart\u00e1sra ritk\u00e1n jut id\u0151 vagy figyelem.<\/p><p>A kisebb hib\u00e1k \u00e9s el\u0151jelek gyakran dokument\u00e1latlanok maradnak, \u00edgy a szervezett hibajav\u00edt\u00e1s elmarad, ami hosszabb g\u00e9ple\u00e1ll\u00e1sokhoz \u00e9s magasabb k\u00f6lts\u00e9gekhez vezet. A megel\u0151z\u0151 karbantart\u00e1s hi\u00e1nya \u2013 p\u00e9ld\u00e1ul a rendszertelen, k\u00e9tes min\u0151s\u00e9g\u0171 ken\u00e9s \u2013 hossz\u00fa t\u00e1von komoly anyagi terhet r\u00f3 a v\u00e1llalkoz\u00e1sokra.<\/p><p><strong>Mi\u00e9rt \u00e9rdemes platformalap\u00fa karbantart\u00e1sban gondolkodni?<\/strong><\/p><p>Az al\u00e1bbi el\u0151ny\u00f6k j\u00f3l mutatj\u00e1k, mi\u00e9rt \u00e9rdemes megfontolni a platformalap\u00fa, kiszervezett karbantart\u00e1s bevezet\u00e9s\u00e9t:<\/p><ul><li>A megel\u0151z\u0151 karbantart\u00e1s \u00e9s a gyors reakci\u00f3k, jav\u00edt\u00e1sok miatt cs\u00f6kkennek a termel\u00e9sb\u0151l v\u00e1ratlanul kiesett id\u0151k, a termel\u00e9kenys\u00e9g n\u00f6vekszik<\/li><li>A hat\u00e9konyabb folyamatok miatt a karbantart\u00e1si k\u00f6lts\u00e9geket alacsonyabb szinten lehet tartani<\/li><\/ul><ul><li>A megfelel\u0151 karbantart\u00e1s n\u00f6veli az eszk\u00f6z\u00f6k biztons\u00e1g\u00e1t, cs\u00f6kkentve a balesetek kock\u00e1zat\u00e1t<\/li><\/ul><ul><li>Cs\u00f6kkenti a bels\u0151 munkaer\u0151- \u00e9s eszk\u00f6zig\u00e9nyt<\/li><li>Jobban tervezhet\u0151v\u00e9 teszi a k\u00f6lts\u00e9geket<\/li><\/ul><ul><li>A platformgazdas\u00e1gban az adat a legfontosabb er\u0151forr\u00e1s. A kiszervezett karbantart\u00e1s sor\u00e1n a szolg\u00e1ltat\u00f3k az adatokat elemzik, \u00e9s predikt\u00edv karbantart\u00e1si javaslatokat tesznek<\/li><\/ul><ul><li>Ig\u00e9ny szerint digit\u00e1lis eszk\u00f6z\u00f6kkel (pl. szenzorok, IoT) gy\u0171jtik az adatokat<\/li><li>A megrendel\u0151 v\u00e1llalatok val\u00f3s idej\u0171 riportokat kaphatnak a berendez\u00e9sek \u00e1llapot\u00e1r\u00f3l<\/li><\/ul><ul><li>A specializ\u00e1lt szolg\u00e1ltat\u00f3k gyakran fejlettebb technol\u00f3gi\u00e1t \u00e9s tud\u00e1st alkalmaznak (pl. predikt\u00edv karbantart\u00e1s, CMMS rendszerek)<\/li><\/ul><ul><li>Lehet\u0151s\u00e9g van automatiz\u00e1lt aj\u00e1nlatk\u00e9r\u00e9sre, id\u0151pontegyeztet\u00e9sre \u00e9s visszajelz\u00e9sre<\/li><\/ul><ul><li>Lehet\u0151v\u00e9 teszi, hogy a v\u00e1llalatok gyorsan reag\u00e1ljanak a v\u00e1ltoz\u00f3 ig\u00e9nyekre<\/li><\/ul><ul><li>Szezon\u00e1lis vagy projektalap\u00fa ig\u00e9nyek eset\u00e9n k\u00f6nnyen b\u0151v\u00edthet\u0151 a szolg\u00e1ltat\u00e1s<\/li><\/ul><p>\u00a0<\/p><p><strong>Z\u00e1r\u00f3 gondolat: a j\u00f6v\u0151 karbantart\u00e1sa m\u00e1r ma elkezdhet\u0151<\/strong><\/p><p>A nyomdaipar technol\u00f3giai fejl\u0151d\u00e9se nemcsak a nyomtat\u00e1si min\u0151s\u00e9gben vagy a gy\u00e1rt\u00e1si sebess\u00e9gben \u00e9rhet\u0151 tetten, hanem a h\u00e1tt\u00e9rfolyamatokban is. A platformalap\u00fa karbantart\u00e1s nem csup\u00e1n egy \u00fajabb digit\u00e1lis trend \u2013 hanem egy olyan eszk\u00f6z, amely seg\u00edthet a v\u00e1llalkoz\u00e1soknak stabilabb, kisz\u00e1m\u00edthat\u00f3bb \u00e9s hat\u00e9konyabb m\u0171k\u00f6d\u00e9st el\u00e9rni. A j\u00f6v\u0151 karbantart\u00e1sa teh\u00e1t m\u00e1r ma elkezdhet\u0151 \u2013 ak\u00e1r egyetlen g\u00e9p bevon\u00e1s\u00e1val is.<\/p>\t\t\t\t\t\t\t\t<\/div>\n\t\t\t\t<\/div>\n\t\t<div class=\"elementor-element elementor-element-d0c65ac e-flex e-con-boxed e-con e-parent\" data-id=\"d0c65ac\" data-element_type=\"container\" data-settings=\"{&quot;jet_parallax_layout_list&quot;:[]}\">\n\t\t\t\t\t<div class=\"e-con-inner\">\n\t\t\t\t<div class=\"elementor-element elementor-element-52c69f6 elementor-widget elementor-widget-spacer\" data-id=\"52c69f6\" data-element_type=\"widget\" data-widget_type=\"spacer.default\">\n\t\t\t\t\t\t\t<div class=\"elementor-spacer\">\n\t\t\t<div class=\"elementor-spacer-inner\"><\/div>\n\t\t<\/div>\n\t\t\t\t\t\t<\/div>\n\t\t\t\t<div class=\"elementor-element elementor-element-187191c elementor-widget elementor-widget-image\" data-id=\"187191c\" data-element_type=\"widget\" data-widget_type=\"image.default\">\n\t\t\t\t\t\t\t\t\t\t\t\t\t\t\t<img fetchpriority=\"high\" decoding=\"async\" width=\"800\" height=\"492\" src=\"https:\/\/nyt.hu\/wp-content\/uploads\/2024\/11\/repairs-maintenance-1024x630.jpg\" class=\"attachment-large size-large wp-image-1428\" alt=\"\" srcset=\"https:\/\/nyt.hu\/wp-content\/uploads\/2024\/11\/repairs-maintenance-1024x630.jpg 1024w, https:\/\/nyt.hu\/wp-content\/uploads\/2024\/11\/repairs-maintenance-300x185.jpg 300w, https:\/\/nyt.hu\/wp-content\/uploads\/2024\/11\/repairs-maintenance-768x473.jpg 768w, https:\/\/nyt.hu\/wp-content\/uploads\/2024\/11\/repairs-maintenance.jpg 1300w\" sizes=\"(max-width: 800px) 100vw, 800px\" \/>\t\t\t\t\t\t\t\t\t\t\t\t\t\t\t<\/div>\n\t\t\t\t\t<\/div>\n\t\t\t\t<\/div>\n\t\t\t\t<\/div>","protected":false},"excerpt":{"rendered":"<p>A platformgazdas\u00e1g egyre meghat\u00e1roz\u00f3bb szerepet t\u00f6lt be a modern ipar\u00e1gakban \u2013 k\u00fcl\u00f6n\u00f6sen a digitaliz\u00e1ci\u00f3, a munkaer\u0151piaci rugalmass\u00e1g \u00e9s a gazdas\u00e1gi hat\u00e9konys\u00e1g szempontj\u00e1b\u00f3l. A nyomda- \u00e9s csomagol\u00f3ipari v\u00e1llalkoz\u00e1sok sz\u00e1m\u00e1ra is el\u00e9rkezett az id\u0151, hogy megismerkedjenek ezzel az \u00faj szeml\u00e9lettel, k\u00fcl\u00f6n\u00f6sen a karbantart\u00e1si tev\u00e9kenys\u00e9gek ter\u00fclet\u00e9n. Kiszervezett karbantart\u00e1s \u2013 digit\u00e1lis platformokon kereszt\u00fcl A karbantart\u00e1si feladatok kiszervez\u00e9se (outsourcing) szorosan [&hellip;]<\/p>","protected":false},"author":2,"featured_media":2485,"comment_status":"closed","ping_status":"closed","sticky":false,"template":"","format":"standard","meta":{"footnotes":""},"categories":[1],"tags":[],"class_list":["post-3142","post","type-post","status-publish","format-standard","has-post-thumbnail","hentry","category-uncategorized"],"_links":{"self":[{"href":"https:\/\/nyt.hu\/en\/wp-json\/wp\/v2\/posts\/3142","targetHints":{"allow":["GET"]}}],"collection":[{"href":"https:\/\/nyt.hu\/en\/wp-json\/wp\/v2\/posts"}],"about":[{"href":"https:\/\/nyt.hu\/en\/wp-json\/wp\/v2\/types\/post"}],"author":[{"embeddable":true,"href":"https:\/\/nyt.hu\/en\/wp-json\/wp\/v2\/users\/2"}],"replies":[{"embeddable":true,"href":"https:\/\/nyt.hu\/en\/wp-json\/wp\/v2\/comments?post=3142"}],"version-history":[{"count":4,"href":"https:\/\/nyt.hu\/en\/wp-json\/wp\/v2\/posts\/3142\/revisions"}],"predecessor-version":[{"id":3146,"href":"https:\/\/nyt.hu\/en\/wp-json\/wp\/v2\/posts\/3142\/revisions\/3146"}],"wp:featuredmedia":[{"embeddable":true,"href":"https:\/\/nyt.hu\/en\/wp-json\/wp\/v2\/media\/2485"}],"wp:attachment":[{"href":"https:\/\/nyt.hu\/en\/wp-json\/wp\/v2\/media?parent=3142"}],"wp:term":[{"taxonomy":"category","embeddable":true,"href":"https:\/\/nyt.hu\/en\/wp-json\/wp\/v2\/categories?post=3142"},{"taxonomy":"post_tag","embeddable":true,"href":"https:\/\/nyt.hu\/en\/wp-json\/wp\/v2\/tags?post=3142"}],"curies":[{"name":"wp","href":"https:\/\/api.w.org\/{rel}","templated":true}]}}