{"id":3138,"date":"2026-04-20T17:12:21","date_gmt":"2026-04-20T15:12:21","guid":{"rendered":"https:\/\/nyt.hu\/?p=3138"},"modified":"2026-04-20T17:16:18","modified_gmt":"2026-04-20T15:16:18","slug":"pneumatikus-anyagmozgatas-a-nyomda-es-csomagoloiparban","status":"publish","type":"post","link":"https:\/\/nyt.hu\/en\/pneumatikus-anyagmozgatas-a-nyomda-es-csomagoloiparban\/","title":{"rendered":"Pneumatikus anyagmozgat\u00e1s a nyomda- \u00e9s csomagol\u00f3iparban"},"content":{"rendered":"<div data-elementor-type=\"wp-post\" data-elementor-id=\"3138\" class=\"elementor elementor-3138\" data-elementor-post-type=\"post\">\n\t\t\t\t<div class=\"elementor-element elementor-element-b1f13dc e-con-full e-flex e-con e-parent\" data-id=\"b1f13dc\" data-element_type=\"container\" data-settings=\"{&quot;jet_parallax_layout_list&quot;:[]}\">\n\t\t\t\t<div class=\"elementor-element elementor-element-278801b elementor-widget elementor-widget-heading\" data-id=\"278801b\" data-element_type=\"widget\" data-widget_type=\"heading.default\">\n\t\t\t\t\t<h2 class=\"elementor-heading-title elementor-size-default\">Mi\u00e9rt t\u00f6bb ez puszta elsz\u00edv\u00e1sn\u00e1l?<\/h2>\t\t\t\t<\/div>\n\t\t\t\t<div class=\"elementor-element elementor-element-de98cd8 elementor-widget elementor-widget-text-editor\" data-id=\"de98cd8\" data-element_type=\"widget\" data-widget_type=\"text-editor.default\">\n\t\t\t\t\t\t\t\t\t<p>A nyomda- \u00e9s csomagol\u00f3ipari gy\u00e1rt\u00e1sban az anyagmozgat\u00e1s \u00e9s a porkezel\u00e9s sok\u00e1ig h\u00e1tt\u00e9rfunkci\u00f3nak sz\u00e1m\u00edtott. Az elm\u00falt \u00e9vekben azonban vil\u00e1goss\u00e1 v\u00e1lt, hogy a termel\u00e9s stabilit\u00e1s\u00e1t, a min\u0151s\u00e9get \u00e9s a fenntarthat\u00f3s\u00e1gi c\u00e9lok teljes\u00edthet\u0151s\u00e9g\u00e9t nemcsak a nyomtat\u00e1si technol\u00f3gia, hanem az azt kiszolg\u00e1l\u00f3 infrastrukt\u00fara is alapvet\u0151en meghat\u00e1rozza. K\u00fcl\u00f6n\u00f6sen igaz ez a csomagol\u00f3ipari nyomtat\u00e1sra \u2013 ezen bel\u00fcl a flexogr\u00e1fi\u00e1ra \u2013, ahol a nagy sebess\u00e9g\u0171 gy\u00e1rt\u00e1s, a v\u00e1g\u00e1si marad\u00e9kok kezel\u00e9se \u00e9s az egyre n\u00f6vekv\u0151 \u00fajrahasznos\u00edtottanyag\u2011ar\u00e1ny egy\u00fctt komoly kih\u00edv\u00e1sokat jelent.<\/p><p>A pneumatikus anyagmozgat\u00e1s ebben a k\u00f6rnyezetben nem egyszer\u0171en \u201eelsz\u00edv\u00e1s\u201d, hanem <strong>folyamatir\u00e1ny\u00edt\u00e1si eszk\u00f6z<\/strong>. A leveg\u0151vel m\u0171k\u00f6d\u0151 sz\u00e1ll\u00edt\u00f3rendszerek lehet\u0151v\u00e9 teszik, hogy a trim, az \u00fajra\u0151rlem\u00e9ny vagy a granul\u00e1tum <strong>z\u00e1rt, szab\u00e1lyozott rendszerben<\/strong> mozogjon a gy\u00e1rt\u00f3soron bel\u00fcl, minim\u00e1lis pork\u00e9pz\u0151d\u00e9ssel \u00e9s anyagvesztes\u00e9ggel \u2013 ez a szeml\u00e9let t\u00falmutat a lok\u00e1lis pontelsz\u00edv\u00e1sokon \u00e9s a puszt\u00e1n mechanikus anyagtov\u00e1bb\u00edt\u00e1son.<\/p><p><strong>Mi a val\u00f3di k\u00fcl\u00f6nbs\u00e9g az egyszer\u0171 elsz\u00edv\u00e1s \u00e9s az integr\u00e1lt pneumatikus rendszer k\u00f6z\u00f6tt?<\/strong><\/p><p>A hagyom\u00e1nyos rendszerek tipikusan egy-egy probl\u00e9m\u00e1ra v\u00e1laszolnak: elt\u00e1vol\u00edtj\u00e1k a hullad\u00e9kot egy ponton, de nem foglalkoznak annak <strong>min\u0151s\u00e9g\u00e9vel, visszaforgathat\u00f3s\u00e1g\u00e1val<\/strong> vagy a teljes rendszerre gyakorolt hat\u00e1s\u00e1val. Ezzel szemben az ipari pneumatikus anyagmozgat\u00e1s <strong>rendszerszint\u0171 megk\u00f6zel\u00edt\u00e9st<\/strong> k\u00e9pvisel: nemcsak elsz\u00e1ll\u00edt, hanem <strong>szepar\u00e1l, tiszt\u00edt, homogeniz\u00e1l \u00e9s el\u0151k\u00e9sz\u00edt<\/strong> \u2013 t\u00e1mogatva a pormentes, tiszta termel\u00e9si k\u00f6rnyezetet \u00e9s a stabil anyag\u00e1ramot.<\/p><p>Ez k\u00fcl\u00f6n\u00f6sen fontos ott, ahol az \u00fajrahasznos\u00edtott anyag ar\u00e1nya n\u0151. A flexogr\u00e1fi\u00e1ban \u2013 legyen sz\u00f3 f\u00f3liagy\u00e1rt\u00e1sr\u00f3l, lamin\u00e1l\u00e1sr\u00f3l vagy c\u00edmkealapanyagokr\u00f3l \u2013 az \u00fajra\u0151rlem\u00e9ny min\u0151s\u00e9ge k\u00f6zvetlen\u00fcl hat a feldolgozhat\u00f3s\u00e1gra \u00e9s a v\u00e9gterm\u00e9k stabilit\u00e1s\u00e1ra. A finom por, a k\u00f6nny\u0171 szennyez\u0151d\u00e9sek vagy az inhomog\u00e9n szemcsem\u00e9ret nemcsak min\u0151s\u00e9gi kock\u00e1zat, hanem \u00e1ll\u00e1sid\u0151t is okoz: elt\u00f6m\u0151d\u0151 sz\u0171r\u0151k, ingadoz\u00f3 anyag\u00e1ram, instabil extrud\u00e1l\u00e1s vagy feldolgoz\u00e1s form\u00e1j\u00e1ban.<\/p><p><strong>Flex\u00f3 szempontb\u00f3l kritikus ter\u00fcletek<\/strong><\/p><p><strong>Trim- \u00e9s v\u00e1g\u00e1si hullad\u00e9k kezel\u00e9se<\/strong><\/p><p>A nagy sebess\u00e9g\u0171 flex\u00f3- \u00e9s csomagol\u00f3ipari sorokon keletkez\u0151 v\u00e1g\u00e1si marad\u00e9kok <strong>gyors, megb\u00edzhat\u00f3 \u00e9s folyamatos<\/strong> elt\u00e1vol\u00edt\u00e1sa alapfelt\u00e9tel. A pneumatikus trimkezel\u00e9s nemcsak a tisztas\u00e1got jav\u00edtja, hanem lehet\u0151v\u00e9 teszi a hullad\u00e9k <strong>azonnali szepar\u00e1l\u00e1s\u00e1t \u00e9s \u2013 technol\u00f3gi\u00e1t\u00f3l f\u00fcgg\u0151en \u2013 az el\u0151k\u00e9sz\u00edt\u00e9s\u00e9t a visszaforgat\u00e1shoz<\/strong>, an\u00e9lk\u00fcl, hogy a gy\u00e1rt\u00f3sort meg kellene \u00e1ll\u00edtani.<\/p><p><strong>Ezen a ter\u00fcleten kiemelt szerepet kapnak a kifejezetten \u00f6ntapad\u00f3s \u00e9s ragad\u00f3s anyagokhoz optimaliz\u00e1lt, kompakt \u201eAll\u2011in\u2011One\u201d egys\u00e9gek. A Kongskilde CUB kompakt egys\u00e9g az \u00f6ntapad\u00f3s \u00e9s nem \u00f6ntapad\u00f3s \u00e9lmarad\u00e9kot, c\u00edmke\u2011 \u00e9s stanc\u2011hullad\u00e9kot a be\u00e9p\u00edtett v\u00e1g\u00f3modul seg\u00edts\u00e9g\u00e9vel hat\u00e9konyan apr\u00edtja \u00e9s zs\u00e1kolja (900 literes zs\u00e1k), vagy opcion\u00e1lis csig\u00e1s t\u00f6m\u00f6r\u00edt\u0151vel folyamatos \u00fcr\u00edt\u00e9st biztos\u00edt \u2013 mindezt mobil, g\u00e9p melletti \u00fczemre m\u00e9retezve. Antisztatikus \u00e9s \u201enon\u2011stick\u201d kivitelek seg\u00edtik a statikus felt\u00f6lt\u0151d\u00e9s\u0171 \u00e9s ragad\u00f3s anyagok megb\u00edzhat\u00f3 sz\u00e1ll\u00edt\u00e1s\u00e1t; a HEPA\u2011sz\u0171r\u0151 \u00e9s az olajpermet\u2011rendszer v\u00e1laszthat\u00f3 tartoz\u00e9k.<\/strong><\/p><p><strong>A v\u00e1g\u00f3k\u00e9s n\u00e9lk\u00fcli CUC kompakt egys\u00e9g a v\u00e9gtelen trimet k\u00f6zvetlen\u00fcl t\u00f6m\u00f6r\u00edti \u00e9s gy\u0171jti, alacsony zajszinttel \u00e9s egyszer\u0171 kezel\u00e9ssel \u2013 ez cs\u00f6kkenti a karbantart\u00e1si ig\u00e9nyt \u00e9s t\u00e1mogatja a megszak\u00edt\u00e1s n\u00e9lk\u00fcli termel\u00e9st m\u00e9g kih\u00edv\u00e1st jelent\u0151 anyagok eset\u00e9n is.<\/strong><\/p><p><strong>\u00dajra\u0151rlem\u00e9ny min\u0151s\u00e9g\u00e9nek stabiliz\u00e1l\u00e1sa<\/strong><\/p><p>A leveg\u0151\u00e1ramon alapul\u00f3 szepar\u00e1ci\u00f3s \u00e9s tiszt\u00edt\u00e1si elj\u00e1r\u00e1sok elt\u00e1vol\u00edtj\u00e1k a <strong>finom frakci\u00f3kat \u00e9s k\u00f6nny\u0171 szennyez\u0151ket<\/strong>, stabiliz\u00e1lva a granul\u00e1tum\/\u0151rlem\u00e9ny min\u0151s\u00e9g\u00e9t \u00e9s n\u00f6velve az alkalmazhat\u00f3 PIR\u2011ar\u00e1nyt \u2013 ami ma m\u00e1r egyszerre <strong>gazdas\u00e1gi \u00e9s megfelel\u0151s\u00e9gi k\u00e9rd\u00e9s<\/strong>.<\/p><p><strong>Por- \u00e9s munkak\u00f6rnyezeti kontroll<\/strong><\/p><p>A pork\u00e9pz\u0151d\u00e9s nem csup\u00e1n takar\u00edt\u00e1si vagy komfortk\u00e9rd\u00e9s. Hat\u00e1ssal van a munkav\u00e9delemre, a g\u00e9pek \u00e9lettartam\u00e1ra \u00e9s a kock\u00e1zatokra is. Egy j\u00f3l megtervezett pneumatikus rendszer <strong>z\u00e1rt elsz\u00edv\u00e1si \u00e9s visszaf\u00fav\u00e1si koncepci\u00f3val<\/strong> cs\u00f6kkenti a lebeg\u0151 por mennyis\u00e9g\u00e9t, m\u00e9rs\u00e9kli a t\u0171z\u2011 \u00e9s robban\u00e1svesz\u00e9lyt, \u00e9s <strong>tiszt\u00e1bb, eg\u00e9szs\u00e9gesebb munkak\u00f6rnyezetet<\/strong> teremt.<\/p><p><strong>T\u00f6bb mint technika: \u00fczemeltet\u00e9si el\u0151ny<\/strong><\/p><p>A pneumatikus anyagmozgat\u00e1s val\u00f3di el\u0151nye abban rejlik, hogy <strong>nem \u00f6n\u00e1ll\u00f3 berendez\u00e9sk\u00e9nt<\/strong>, hanem a gy\u00e1rt\u00e1si folyamat <strong>szerves r\u00e9szek\u00e9nt<\/strong> m\u0171k\u00f6dik. A modul\u00e1ris fel\u00e9p\u00edt\u00e9s lehet\u0151v\u00e9 teszi az ut\u00f3lagos b\u0151v\u00edt\u00e9st, az energiaig\u00e9ny optimaliz\u00e1l\u00e1s\u00e1t \u00e9s a k\u00fcl\u00f6nb\u00f6z\u0151 anyag\u00e1ramok rugalmas kezel\u00e9s\u00e9t \u2013 a <strong>kompakt, helytakar\u00e9kos<\/strong> egys\u00e9gekt\u0151l (CUB\/CUC) a teljes vonalat lefed\u0151 rendszerekig.<\/p><p>A nyomda- \u00e9s csomagol\u00f3ipar \u2013 k\u00fcl\u00f6n\u00f6sen a flexogr\u00e1fia \u2013 j\u00f6v\u0151je nemcsak a nyomtat\u00e1si technol\u00f3gi\u00e1k fejl\u0151d\u00e9s\u00e9n m\u00falik, hanem azon is, hogy a h\u00e1tt\u00e9rfolyamatok mennyire k\u00e9pesek alkalmazkodni az \u00faj elv\u00e1r\u00e1sokhoz. Az <strong>integr\u00e1lt pneumatikus anyagmozgat\u00e1s<\/strong> ebben az \u00e9rtelemben nem kieg\u00e9sz\u00edt\u0151 megold\u00e1s, hanem a <strong>stabil, tiszta \u00e9s fenntarthat\u00f3 termel\u00e9s<\/strong> egyik alapfelt\u00e9tele.<\/p>\t\t\t\t\t\t\t\t<\/div>\n\t\t\t\t<\/div>\n\t\t<div class=\"elementor-element elementor-element-d0c65ac e-flex e-con-boxed e-con e-parent\" data-id=\"d0c65ac\" data-element_type=\"container\" data-settings=\"{&quot;jet_parallax_layout_list&quot;:[]}\">\n\t\t\t\t\t<div class=\"e-con-inner\">\n\t\t\t\t<div class=\"elementor-element elementor-element-52c69f6 elementor-widget elementor-widget-spacer\" data-id=\"52c69f6\" data-element_type=\"widget\" data-widget_type=\"spacer.default\">\n\t\t\t\t\t\t\t<div class=\"elementor-spacer\">\n\t\t\t<div class=\"elementor-spacer-inner\"><\/div>\n\t\t<\/div>\n\t\t\t\t\t\t<\/div>\n\t\t\t\t<div class=\"elementor-element elementor-element-187191c elementor-widget elementor-widget-image\" data-id=\"187191c\" data-element_type=\"widget\" data-widget_type=\"image.default\">\n\t\t\t\t\t\t\t\t\t\t\t\t\t\t\t<img fetchpriority=\"high\" decoding=\"async\" width=\"800\" height=\"600\" src=\"https:\/\/nyt.hu\/wp-content\/uploads\/2025\/07\/20220322_153247_edited-1024x768.jpg\" class=\"attachment-large size-large wp-image-937\" alt=\"\" srcset=\"https:\/\/nyt.hu\/wp-content\/uploads\/2025\/07\/20220322_153247_edited-1024x768.jpg 1024w, https:\/\/nyt.hu\/wp-content\/uploads\/2025\/07\/20220322_153247_edited-300x225.jpg 300w, https:\/\/nyt.hu\/wp-content\/uploads\/2025\/07\/20220322_153247_edited-768x576.jpg 768w, https:\/\/nyt.hu\/wp-content\/uploads\/2025\/07\/20220322_153247_edited-1536x1152.jpg 1536w, https:\/\/nyt.hu\/wp-content\/uploads\/2025\/07\/20220322_153247_edited-2048x1536.jpg 2048w\" sizes=\"(max-width: 800px) 100vw, 800px\" \/>\t\t\t\t\t\t\t\t\t\t\t\t\t\t\t<\/div>\n\t\t\t\t\t<\/div>\n\t\t\t\t<\/div>\n\t\t\t\t<\/div>","protected":false},"excerpt":{"rendered":"<p>Mi\u00e9rt t\u00f6bb ez puszta elsz\u00edv\u00e1sn\u00e1l? A nyomda- \u00e9s csomagol\u00f3ipari gy\u00e1rt\u00e1sban az anyagmozgat\u00e1s \u00e9s a porkezel\u00e9s sok\u00e1ig h\u00e1tt\u00e9rfunkci\u00f3nak sz\u00e1m\u00edtott. Az elm\u00falt \u00e9vekben azonban vil\u00e1goss\u00e1 v\u00e1lt, hogy a termel\u00e9s stabilit\u00e1s\u00e1t, a min\u0151s\u00e9get \u00e9s a fenntarthat\u00f3s\u00e1gi c\u00e9lok teljes\u00edthet\u0151s\u00e9g\u00e9t nemcsak a nyomtat\u00e1si technol\u00f3gia, hanem az azt kiszolg\u00e1l\u00f3 infrastrukt\u00fara is alapvet\u0151en meghat\u00e1rozza. K\u00fcl\u00f6n\u00f6sen igaz ez a csomagol\u00f3ipari nyomtat\u00e1sra \u2013 ezen [&hellip;]<\/p>","protected":false},"author":2,"featured_media":1342,"comment_status":"closed","ping_status":"closed","sticky":false,"template":"","format":"standard","meta":{"footnotes":""},"categories":[1],"tags":[],"class_list":["post-3138","post","type-post","status-publish","format-standard","has-post-thumbnail","hentry","category-uncategorized"],"_links":{"self":[{"href":"https:\/\/nyt.hu\/en\/wp-json\/wp\/v2\/posts\/3138","targetHints":{"allow":["GET"]}}],"collection":[{"href":"https:\/\/nyt.hu\/en\/wp-json\/wp\/v2\/posts"}],"about":[{"href":"https:\/\/nyt.hu\/en\/wp-json\/wp\/v2\/types\/post"}],"author":[{"embeddable":true,"href":"https:\/\/nyt.hu\/en\/wp-json\/wp\/v2\/users\/2"}],"replies":[{"embeddable":true,"href":"https:\/\/nyt.hu\/en\/wp-json\/wp\/v2\/comments?post=3138"}],"version-history":[{"count":3,"href":"https:\/\/nyt.hu\/en\/wp-json\/wp\/v2\/posts\/3138\/revisions"}],"predecessor-version":[{"id":3141,"href":"https:\/\/nyt.hu\/en\/wp-json\/wp\/v2\/posts\/3138\/revisions\/3141"}],"wp:featuredmedia":[{"embeddable":true,"href":"https:\/\/nyt.hu\/en\/wp-json\/wp\/v2\/media\/1342"}],"wp:attachment":[{"href":"https:\/\/nyt.hu\/en\/wp-json\/wp\/v2\/media?parent=3138"}],"wp:term":[{"taxonomy":"category","embeddable":true,"href":"https:\/\/nyt.hu\/en\/wp-json\/wp\/v2\/categories?post=3138"},{"taxonomy":"post_tag","embeddable":true,"href":"https:\/\/nyt.hu\/en\/wp-json\/wp\/v2\/tags?post=3138"}],"curies":[{"name":"wp","href":"https:\/\/api.w.org\/{rel}","templated":true}]}}