{"id":3115,"date":"2026-04-20T16:51:37","date_gmt":"2026-04-20T14:51:37","guid":{"rendered":"https:\/\/nyt.hu\/?p=3115"},"modified":"2026-04-20T16:55:34","modified_gmt":"2026-04-20T14:55:34","slug":"meg-nincs-parasitasa","status":"publish","type":"post","link":"https:\/\/nyt.hu\/en\/meg-nincs-parasitasa\/","title":{"rendered":"M\u00e9g nincs p\u00e1r\u00e1s\u00edt\u00e1sa?"},"content":{"rendered":"<h2>NE VISELJE A SZ\u00c1RAZ LEVEG\u0150 OKOZTA K\u00c1ROK TERH\u00c9T! P\u00c1R\u00c1S\u00cdTSA \u00dcZEM\u00c9T KOMPROMISSZUMOK N\u00c9LK\u00dcL \u2013 FINESTFOG RENDSZERREL<\/h2>\n<p>M\u00e9g nincs p\u00e1r\u00e1s\u00edt\u00e1sa? Vagy a megl\u00e9v\u0151 rendszere nem el\u00e9g hat\u00e9kony?<\/p>\n<p>V\u00e1lassza a professzion\u00e1lis Finestfog p\u00e1r\u00e1s\u00edt\u00f3 rendszert!<\/p>\n<p>A megfelel\u0151 p\u00e1ratartalom nemcsak a gy\u00e1rt\u00e1si folyamatok stabilit\u00e1s\u00e1t t\u00e1mogatja, hanem kulcsszerepet j\u00e1tszik az alapanyagok meg\u0151rz\u00e9s\u00e9ben \u00e9s a munkav\u00e1llal\u00f3k eg\u00e9szs\u00e9g\u00e9nek v\u00e9delm\u00e9ben is.<\/p>\n<p><strong>A Finestfog hat\u00e9kony p\u00e1r\u00e1s\u00edt\u00f3- \u00e9s v\u00edzkezel\u0151 rendszer jellemz\u0151i:<\/strong><\/p>\n<p>\ud83d\udd39 Zajmentes, s\u0171r\u00edtett leveg\u0151 n\u00e9lk\u00fcli energiahat\u00e9kony m\u0171k\u00f6d\u00e9s<\/p>\n<p>\ud83d\udd39 Szabadalmaztatott nagynyom\u00e1s\u00fa f\u00fav\u00f3k\u00e1kkal automatikus, z\u00f3n\u00e1nk\u00e9nt szab\u00e1lyozott, pontos p\u00e1r\u00e1s\u00edt\u00e1s ak\u00e1r 10 k\u00fcl\u00f6n\u00e1ll\u00f3 helyis\u00e9gben.<\/p>\n<p>\ud83d\udd39 Higi\u00e9nikus, bakt\u00e9riummentes m\u0171k\u00f6d\u00e9s UV-fert\u0151tlen\u00edt\u00e9ssel \u00e9s ford\u00edtott ozm\u00f3zis rendszerrel<\/p>\n<p>\ud83d\udd39 Rendszerbe integr\u00e1lt adatgy\u0171jt\u00e9s, trendelemz\u00e9s<\/p>\n<p><strong>A p\u00e1r\u00e1s\u00edt\u00e1s el\u0151nyei:<\/strong><\/p>\n<p>\u2705 Hat\u00e9konyan cs\u00f6kkenti a port \u00e9s az elektrosztatikus felt\u00f6lt\u0151d\u00e9s okozta k\u00e1rokat, kock\u00e1zatokat.<\/p>\n<p>\u2705 T\u00e1mogatja a min\u0151s\u00e9g jav\u00edt\u00e1s\u00e1t \u00e9s a selejtcs\u00f6kkent\u00e9st.<\/p>\n<p>\u2705 Ipari, kultur\u00e1lis \u00e9s irodai k\u00f6rnyezetben is meg\u00e1llja a hely\u00e9t.<\/p>\n<p>\u2705 Higi\u00e9niai tan\u00fas\u00edtv\u00e1nyokkal igazolt, fenntarthat\u00f3 technol\u00f3gia.<\/p>\n<p>Tekintse meg al\u00e1bb kapcsol\u00f3d\u00f3 vide\u00f3inkat:<\/p>\n<p>Nyomda-Technika Kft. az \u00d6n Finestfog partnere.<\/p>\n<p>\ud83d\udc49H\u00edvjon benn\u00fcnket: +36 30 6809 760<\/p>\n<p>\ud83d\udc49L\u00e1togasson el weboldalunkra: nyt.hu<\/p>\n<p>\t\t\t\t\t\t\t\t\t\t\t\t\t\t\t\t\t<img fetchpriority=\"high\" decoding=\"async\" width=\"630\" height=\"452\" src=\"https:\/\/nyt.hu\/wp-content\/uploads\/2026\/04\/fd11.png\" alt=\"\" srcset=\"https:\/\/nyt.hu\/wp-content\/uploads\/2026\/04\/fd11.png 630w, https:\/\/nyt.hu\/wp-content\/uploads\/2026\/04\/fd11-300x215.png 300w, https:\/\/nyt.hu\/wp-content\/uploads\/2026\/04\/fd11-18x12.png 18w\" sizes=\"(max-width: 630px) 100vw, 630px\" \/><br \/>\n\t\t\t\t\t\t\t\t\t\t\t\t\t\t\t\t\t<img decoding=\"async\" width=\"683\" height=\"1024\" src=\"https:\/\/nyt.hu\/wp-content\/uploads\/2026\/04\/finestfog-drupa3-683x1024.jpg\" alt=\"\" srcset=\"https:\/\/nyt.hu\/wp-content\/uploads\/2026\/04\/finestfog-drupa3-683x1024.jpg 683w, https:\/\/nyt.hu\/wp-content\/uploads\/2026\/04\/finestfog-drupa3-200x300.jpg 200w, https:\/\/nyt.hu\/wp-content\/uploads\/2026\/04\/finestfog-drupa3-768x1152.jpg 768w, https:\/\/nyt.hu\/wp-content\/uploads\/2026\/04\/finestfog-drupa3-1024x1536.jpg 1024w, https:\/\/nyt.hu\/wp-content\/uploads\/2026\/04\/finestfog-drupa3-8x12.jpg 8w, https:\/\/nyt.hu\/wp-content\/uploads\/2026\/04\/finestfog-drupa3.jpg 1365w\" sizes=\"(max-width: 683px) 100vw, 683px\" \/><br \/>\n\t\t\t\t\t\t\t\t\t\t\t\t\t\t\t\t\t<img decoding=\"async\" width=\"768\" height=\"1024\" src=\"https:\/\/nyt.hu\/wp-content\/uploads\/2026\/04\/IMG_20250701_122256-768x1024.jpg\" alt=\"\" srcset=\"https:\/\/nyt.hu\/wp-content\/uploads\/2026\/04\/IMG_20250701_122256-768x1024.jpg 768w, https:\/\/nyt.hu\/wp-content\/uploads\/2026\/04\/IMG_20250701_122256-225x300.jpg 225w, https:\/\/nyt.hu\/wp-content\/uploads\/2026\/04\/IMG_20250701_122256-1152x1536.jpg 1152w, https:\/\/nyt.hu\/wp-content\/uploads\/2026\/04\/IMG_20250701_122256-1536x2048.jpg 1536w, https:\/\/nyt.hu\/wp-content\/uploads\/2026\/04\/IMG_20250701_122256-9x12.jpg 9w, https:\/\/nyt.hu\/wp-content\/uploads\/2026\/04\/IMG_20250701_122256-scaled.jpg 1920w\" sizes=\"(max-width: 768px) 100vw, 768px\" \/><\/p>","protected":false},"excerpt":{"rendered":"<p>NE VISELJE A SZ\u00c1RAZ LEVEG\u0150 OKOZTA K\u00c1ROK TERH\u00c9T! P\u00c1R\u00c1S\u00cdTSA \u00dcZEM\u00c9T KOMPROMISSZUMOK N\u00c9LK\u00dcL \u2013 FINESTFOG RENDSZERREL M\u00e9g nincs p\u00e1r\u00e1s\u00edt\u00e1sa? Vagy a megl\u00e9v\u0151 rendszere nem el\u00e9g hat\u00e9kony? V\u00e1lassza a professzion\u00e1lis Finestfog p\u00e1r\u00e1s\u00edt\u00f3 rendszert! A megfelel\u0151 p\u00e1ratartalom nemcsak a gy\u00e1rt\u00e1si folyamatok stabilit\u00e1s\u00e1t t\u00e1mogatja, hanem kulcsszerepet j\u00e1tszik az alapanyagok meg\u0151rz\u00e9s\u00e9ben \u00e9s a munkav\u00e1llal\u00f3k eg\u00e9szs\u00e9g\u00e9nek v\u00e9delm\u00e9ben is. A Finestfog hat\u00e9kony [&hellip;]<\/p>","protected":false},"author":2,"featured_media":3116,"comment_status":"closed","ping_status":"closed","sticky":false,"template":"","format":"standard","meta":{"footnotes":""},"categories":[1],"tags":[],"class_list":["post-3115","post","type-post","status-publish","format-standard","has-post-thumbnail","hentry","category-uncategorized"],"_links":{"self":[{"href":"https:\/\/nyt.hu\/en\/wp-json\/wp\/v2\/posts\/3115","targetHints":{"allow":["GET"]}}],"collection":[{"href":"https:\/\/nyt.hu\/en\/wp-json\/wp\/v2\/posts"}],"about":[{"href":"https:\/\/nyt.hu\/en\/wp-json\/wp\/v2\/types\/post"}],"author":[{"embeddable":true,"href":"https:\/\/nyt.hu\/en\/wp-json\/wp\/v2\/users\/2"}],"replies":[{"embeddable":true,"href":"https:\/\/nyt.hu\/en\/wp-json\/wp\/v2\/comments?post=3115"}],"version-history":[{"count":3,"href":"https:\/\/nyt.hu\/en\/wp-json\/wp\/v2\/posts\/3115\/revisions"}],"predecessor-version":[{"id":3123,"href":"https:\/\/nyt.hu\/en\/wp-json\/wp\/v2\/posts\/3115\/revisions\/3123"}],"wp:featuredmedia":[{"embeddable":true,"href":"https:\/\/nyt.hu\/en\/wp-json\/wp\/v2\/media\/3116"}],"wp:attachment":[{"href":"https:\/\/nyt.hu\/en\/wp-json\/wp\/v2\/media?parent=3115"}],"wp:term":[{"taxonomy":"category","embeddable":true,"href":"https:\/\/nyt.hu\/en\/wp-json\/wp\/v2\/categories?post=3115"},{"taxonomy":"post_tag","embeddable":true,"href":"https:\/\/nyt.hu\/en\/wp-json\/wp\/v2\/tags?post=3115"}],"curies":[{"name":"wp","href":"https:\/\/api.w.org\/{rel}","templated":true}]}}