{"id":3107,"date":"2026-04-20T16:41:30","date_gmt":"2026-04-20T14:41:30","guid":{"rendered":"https:\/\/nyt.hu\/?p=3107"},"modified":"2026-04-20T16:46:54","modified_gmt":"2026-04-20T14:46:54","slug":"energia-a-gepekbol-futesi-koltsegek-csokkentese-okosan","status":"publish","type":"post","link":"https:\/\/nyt.hu\/en\/energia-a-gepekbol-futesi-koltsegek-csokkentese-okosan\/","title":{"rendered":"ENERGIA A G\u00c9PEKB\u0150L \u2013 F\u0170T\u00c9SI K\u00d6LTS\u00c9GEK CS\u00d6KKENT\u00c9SE OKOSAN"},"content":{"rendered":"<h2> nyomdaipari g\u00e9pek \u00e9s a kapcsol\u00f3d\u00f3 berendez\u00e9sek (pl. kompresszorok) m\u0171k\u00f6d\u00e9se sor\u00e1n jelent\u0151s mennyis\u00e9g\u0171 technol\u00f3giai leveg\u0151 \u00e9s h\u0151 keletkezik \u2013 ezek az energi\u00e1k azonban gyakran kihaszn\u00e1latlanul t\u00e1voznak a rendszerb\u0151l. A Nyomda-Technika Kft. olyan egyedi tervez\u00e9s\u0171 megold\u00e1sokat k\u00edn\u00e1l, amelyekkel ez a rejtett energia kiv\u00e1l\u00f3an hasznos\u00edthat\u00f3, \u00e9s f\u0171t\u00e9si c\u00e9lra visszaforgathat\u00f3.<\/h2>\n<p>**Mi\u00e9rt \u00e9rdemes foglalkozni vele? **<\/p>\n<ul>\n<li>\n<p>A keletkez\u0151 h\u0151 visszanyer\u00e9s\u00e9vel jelent\u0151sen cs\u00f6kkentheti a f\u0171t\u00e9si k\u00f6lts\u00e9geket.<\/p>\n<\/li>\n<li>\n<p>A rendszerbe integr\u00e1lt h\u0151visszanyer\u0151 megold\u00e1sok nagyon gyorsan megt\u00e9r\u00fclnek \u2013 gazdas\u00e1gilag \u00e9s k\u00f6rnyezetv\u00e9delmi szempontb\u00f3l egyar\u00e1nt.<\/p>\n<\/li>\n<li>\n<p>A leveg\u0151 visszavezet\u00e9se term\u00e9szetesen sz\u0171r\u00e9st ig\u00e9nyel, amelynek nyom\u00e1n tov\u00e1bb javul a leveg\u0151 tisztas\u00e1ga a munkak\u00f6rnyezetben, ezzel is emelve a munkav\u00e9gz\u00e9s komfortj\u00e1t, eg\u00e9szs\u00e9gesebb\u00e9 t\u00e9ve a munkav\u00e9gz\u00e9st.<\/p>\n<\/li>\n<\/ul>\n<p><strong>Megold\u00e1s:<\/strong>\u00a0egyedi tervez\u00e9s\u0171 kivezet\u0151 rendszerek, amelyek figyelembe veszik az adott g\u00e9ppark \u00e9s \u00fczem saj\u00e1toss\u00e1gait \u2013 ahogy azt a Nyomda-Technika Kft. t\u00f6bb mint 300 telep\u00edtett rendszer tapasztalata alapj\u00e1n teszi.<\/p>\n<p><strong>Fenntarthat\u00f3s\u00e1g \u00e9s versenyel\u0151ny:<\/strong><\/p>\n<p>A k\u00f6rnyezettudatos energiahaszn\u00e1lat ma m\u00e1r nem csup\u00e1n elv\u00e1r\u00e1s \u2013 hanem val\u00f3di versenyel\u0151ny. A hullad\u00e9kh\u0151 hasznos\u00edt\u00e1sa nemcsak a k\u00f6lts\u00e9gek cs\u00f6kkent\u00e9s\u00e9t szolg\u00e1lja, hanem cs\u00f6kkenti a v\u00e1llalat karbonl\u00e1bnyom\u00e1t, \u00e9s hozz\u00e1j\u00e1rul a fenntarthat\u00f3 m\u0171k\u00f6d\u00e9shez.<\/p>\n<p>\u00a0<\/p>\n<p><strong>\u00d6nt is \u00e9rdekli, hogyan illeszthet\u0151 be mindez a saj\u00e1t gy\u00e1rt\u00e1si k\u00f6rnyezet\u00e9be?<\/strong><\/p>\n<p><strong>Ne k\u00e9slekedjen, haszn\u00e1lja ki a lehet\u0151s\u00e9get m\u00e9g ezen a t\u00e9len! Keressen minket bizalommal \u2013 seg\u00edt\u00fcnk megtal\u00e1lni a legjobb megold\u00e1st!<\/strong><\/p>\n<p>\u00a0<\/p>\n<p>Szegi Ren\u00e1ta<\/p>\n<p>Nyomda-Technika Kft.<\/p>\n<p>Megb\u00edzhat\u00f3 partner a kisz\u00e1m\u00edthat\u00f3 j\u00f6v\u0151\u00e9rt.<\/p>\n<p>\t\t\t\t\t\t\t\t\t\t\t\t\t\t\t\t\t<img fetchpriority=\"high\" decoding=\"async\" width=\"546\" height=\"491\" src=\"https:\/\/nyt.hu\/wp-content\/uploads\/2025\/09\/NYT_ikonok_hulladekelszivas-1.jpg\" alt=\"\" srcset=\"https:\/\/nyt.hu\/wp-content\/uploads\/2025\/09\/NYT_ikonok_hulladekelszivas-1.jpg 546w, https:\/\/nyt.hu\/wp-content\/uploads\/2025\/09\/NYT_ikonok_hulladekelszivas-1-300x270.jpg 300w\" sizes=\"(max-width: 546px) 100vw, 546px\" \/><\/p>","protected":false},"excerpt":{"rendered":"<p>nyomdaipari g\u00e9pek \u00e9s a kapcsol\u00f3d\u00f3 berendez\u00e9sek (pl. kompresszorok) m\u0171k\u00f6d\u00e9se sor\u00e1n jelent\u0151s mennyis\u00e9g\u0171 technol\u00f3giai leveg\u0151 \u00e9s h\u0151 keletkezik \u2013 ezek az energi\u00e1k azonban gyakran kihaszn\u00e1latlanul t\u00e1voznak a rendszerb\u0151l. A Nyomda-Technika Kft. olyan egyedi tervez\u00e9s\u0171 megold\u00e1sokat k\u00edn\u00e1l, amelyekkel ez a rejtett energia kiv\u00e1l\u00f3an hasznos\u00edthat\u00f3, \u00e9s f\u0171t\u00e9si c\u00e9lra visszaforgathat\u00f3. **Mi\u00e9rt \u00e9rdemes foglalkozni vele? ** A keletkez\u0151 h\u0151 visszanyer\u00e9s\u00e9vel [&hellip;]<\/p>","protected":false},"author":2,"featured_media":3108,"comment_status":"closed","ping_status":"closed","sticky":false,"template":"","format":"standard","meta":{"footnotes":""},"categories":[1],"tags":[],"class_list":["post-3107","post","type-post","status-publish","format-standard","has-post-thumbnail","hentry","category-uncategorized"],"_links":{"self":[{"href":"https:\/\/nyt.hu\/en\/wp-json\/wp\/v2\/posts\/3107","targetHints":{"allow":["GET"]}}],"collection":[{"href":"https:\/\/nyt.hu\/en\/wp-json\/wp\/v2\/posts"}],"about":[{"href":"https:\/\/nyt.hu\/en\/wp-json\/wp\/v2\/types\/post"}],"author":[{"embeddable":true,"href":"https:\/\/nyt.hu\/en\/wp-json\/wp\/v2\/users\/2"}],"replies":[{"embeddable":true,"href":"https:\/\/nyt.hu\/en\/wp-json\/wp\/v2\/comments?post=3107"}],"version-history":[{"count":6,"href":"https:\/\/nyt.hu\/en\/wp-json\/wp\/v2\/posts\/3107\/revisions"}],"predecessor-version":[{"id":3114,"href":"https:\/\/nyt.hu\/en\/wp-json\/wp\/v2\/posts\/3107\/revisions\/3114"}],"wp:featuredmedia":[{"embeddable":true,"href":"https:\/\/nyt.hu\/en\/wp-json\/wp\/v2\/media\/3108"}],"wp:attachment":[{"href":"https:\/\/nyt.hu\/en\/wp-json\/wp\/v2\/media?parent=3107"}],"wp:term":[{"taxonomy":"category","embeddable":true,"href":"https:\/\/nyt.hu\/en\/wp-json\/wp\/v2\/categories?post=3107"},{"taxonomy":"post_tag","embeddable":true,"href":"https:\/\/nyt.hu\/en\/wp-json\/wp\/v2\/tags?post=3107"}],"curies":[{"name":"wp","href":"https:\/\/api.w.org\/{rel}","templated":true}]}}